{"id":232,"date":"2022-11-30T20:07:49","date_gmt":"2022-11-30T20:07:49","guid":{"rendered":"http:\/\/wooderwend.schuetzen-waldenrath.de\/?p=232"},"modified":"2023-12-16T12:47:58","modified_gmt":"2023-12-16T12:47:58","slug":"zuganmeldung-kartenvorverkauf","status":"publish","type":"post","link":"http:\/\/wooderwend.schuetzen-waldenrath.de\/?p=232","title":{"rendered":"Zuganmeldung\/Kartenvorverkauf"},"content":{"rendered":"\n<p>Die <strong>Anmeldung f\u00fcr den Veilchendienstagszug<\/strong> in Waldenrath 2023 findet am<strong> Samstag, den 14. Januar 2023, von 14:00 bis 16:00 Uhr in der Begegnungsst\u00e4tte Waldenrath<\/strong> (Corneliusstra\u00dfe) statt. <\/p>\n\n\n\n<p>Interessierte Karnevalsz\u00fcge und -gruppen werden gebeten, zu diesem Termin <strong>alle<\/strong> erforderlichen Unterlagen mitzubringen. Hierzu geh\u00f6ren insbesondere entsprechende T\u00dcV-Gutachten sowie Versicherungsbest\u00e4tigungen f\u00fcr die Karnevalswagen und Zugmaschinen.<\/p>\n\n\n\n<p>Eine Nachreichung ist in diesem Jahr nur bis sp\u00e4testens Ende Januar 2023 m\u00f6glich, da andernfalls die Anmeldung bei den Ordnungsbeh\u00f6rden nicht sichergestellt werden kann.<\/p>\n\n\n\n<p>Im Anschluss an die Zuganmeldung findet ab 16:00 Uhr der <strong>Kartenvorverkauf f\u00fcr die gro\u00dfe Kappensitzung am 4. Februar 2023<\/strong> in Waldenrath statt. Karten k\u00f6nnen f\u00fcr 9,50 Euro erworben werden.<\/p>\n","protected":false},"excerpt":{"rendered":"<p>Die Anmeldung f\u00fcr den Veilchendienstagszug in Waldenrath 2023 findet am Samstag, den 14. Januar 2023, von 14:00 bis 16:00 Uhr in der Begegnungsst\u00e4tte Waldenrath (Corneliusstra\u00dfe) statt. Interessierte Karnevalsz\u00fcge und -gruppen [&hellip;]<\/p>\n","protected":false},"author":1,"featured_media":0,"comment_status":"closed","ping_status":"closed","sticky":false,"template":"","format":"standard","meta":{"footnotes":""},"categories":[1],"tags":[],"class_list":["post-232","post","type-post","status-publish","format-standard","hentry","category-uncategorized"],"_links":{"self":[{"href":"http:\/\/wooderwend.schuetzen-waldenrath.de\/index.php?rest_route=\/wp\/v2\/posts\/232","targetHints":{"allow":["GET"]}}],"collection":[{"href":"http:\/\/wooderwend.schuetzen-waldenrath.de\/index.php?rest_route=\/wp\/v2\/posts"}],"about":[{"href":"http:\/\/wooderwend.schuetzen-waldenrath.de\/index.php?rest_route=\/wp\/v2\/types\/post"}],"author":[{"embeddable":true,"href":"http:\/\/wooderwend.schuetzen-waldenrath.de\/index.php?rest_route=\/wp\/v2\/users\/1"}],"replies":[{"embeddable":true,"href":"http:\/\/wooderwend.schuetzen-waldenrath.de\/index.php?rest_route=%2Fwp%2Fv2%2Fcomments&post=232"}],"version-history":[{"count":2,"href":"http:\/\/wooderwend.schuetzen-waldenrath.de\/index.php?rest_route=\/wp\/v2\/posts\/232\/revisions"}],"predecessor-version":[{"id":234,"href":"http:\/\/wooderwend.schuetzen-waldenrath.de\/index.php?rest_route=\/wp\/v2\/posts\/232\/revisions\/234"}],"wp:attachment":[{"href":"http:\/\/wooderwend.schuetzen-waldenrath.de\/index.php?rest_route=%2Fwp%2Fv2%2Fmedia&parent=232"}],"wp:term":[{"taxonomy":"category","embeddable":true,"href":"http:\/\/wooderwend.schuetzen-waldenrath.de\/index.php?rest_route=%2Fwp%2Fv2%2Fcategories&post=232"},{"taxonomy":"post_tag","embeddable":true,"href":"http:\/\/wooderwend.schuetzen-waldenrath.de\/index.php?rest_route=%2Fwp%2Fv2%2Ftags&post=232"}],"curies":[{"name":"wp","href":"https:\/\/api.w.org\/{rel}","templated":true}]}}