{"id":336,"date":"2024-12-16T19:45:35","date_gmt":"2024-12-16T19:45:35","guid":{"rendered":"http:\/\/wooderwend.schuetzen-waldenrath.de\/?p=336"},"modified":"2024-12-16T19:45:35","modified_gmt":"2024-12-16T19:45:35","slug":"zuganmeldung-veilchendienstagszug-2025","status":"publish","type":"post","link":"http:\/\/wooderwend.schuetzen-waldenrath.de\/?p=336","title":{"rendered":"Zuganmeldung Veilchendienstagszug 2025"},"content":{"rendered":"\n<p>Die\u00a0<strong>Anmeldung f\u00fcr den Veilchendienstagszug<\/strong>\u00a0in Waldenrath 2025 findet am<strong>\u00a0Samstag, den 01. Februar 2025, von 16:00 bis 17:00 Uhr in der Begegnungsst\u00e4tte Waldenrath<\/strong>\u00a0(Corneliusstra\u00dfe) statt.<\/p>\n\n\n\n<p>Interessierte Karnevalswagen und -gruppen werden gebeten, zu diesem Termin&nbsp;<strong>alle<\/strong>&nbsp;erforderlichen Unterlagen mitzubringen. Hierzu geh\u00f6ren insbesondere entsprechende T\u00dcV-Gutachten sowie Versicherungsbest\u00e4tigungen f\u00fcr die Karnevalswagen und Zugmaschinen.<\/p>\n\n\n\n<p>Eine Nachreichung ist in diesem Jahr nur bis sp\u00e4testens Ende Januar 2025 m\u00f6glich, da andernfalls die Anmeldung bei den Ordnungsbeh\u00f6rden nicht sichergestellt werden kann.<\/p>\n\n\n\n<p>\u00a0<br><a href=\"http:\/\/wooderwend.schuetzen-waldenrath.de\/wp-content\/uploads\/2023\/12\/Anmeldung-Zugordnung-Veilchendienstagszug.pdf\">Anmeldung + Zugordnung Veilchendienstagszug<\/a> <a href=\"http:\/\/wooderwend.schuetzen-waldenrath.de\/wp-content\/uploads\/2023\/12\/Zugstrecke-Waldenrath.pdf\">Zugstrecke Waldenrath<\/a> <a href=\"http:\/\/wooderwend.schuetzen-waldenrath.de\/wp-content\/uploads\/2023\/12\/Besondere-Hinweise-fuer-Wagenbauer.pdf\">Besondere Hinweise f\u00fcr Wagenbauer<\/a> <a href=\"http:\/\/wooderwend.schuetzen-waldenrath.de\/wp-content\/uploads\/2023\/12\/Anmerkung-und-Auszuege-aus-dem-Verkehrsblatt-und-den-Unfallverhuetungsvorschriften.pdf\">Anmerkung und Ausz\u00fcge aus dem Verkehrsblatt und den Unfallverh\u00fctungsvorschriften<\/a> <a href=\"http:\/\/wooderwend.schuetzen-waldenrath.de\/wp-content\/uploads\/2023\/12\/Merkblatt-ueber-das-Genehmigungsverfahren-fuer-den-Betrieb-von-Fahrzeugen-und-Fahrzeugkombinationen-bei-Brauchtumsveranstaltungen.pdf\">Merkblatt \u00fcber das Genehmigungsverfahren f\u00fcr den Betrieb von Fahrzeugen und Fahrzeugkombinationen bei Brauchtumsveranstaltungen<\/a> <a href=\"http:\/\/wooderwend.schuetzen-waldenrath.de\/wp-content\/uploads\/2023\/12\/Bescheinigung-zulassungsfreier-Anhaenger.pdf\">Bescheinigung zulassungsfreier Anh\u00e4nger<\/a> <a href=\"http:\/\/wooderwend.schuetzen-waldenrath.de\/wp-content\/uploads\/2023\/12\/Bescheinigung-Kfz-zulassungsfreien-Anhaenger.pdf\">Bescheinigung Kfz + zulassungsfreien Anh\u00e4nger<\/a> <a href=\"http:\/\/wooderwend.schuetzen-waldenrath.de\/wp-content\/uploads\/2023\/12\/Erklaerung-des-Wagenbauers.pdf\">Erkl\u00e4rung des Wagenbauers<\/a><\/p>\n","protected":false},"excerpt":{"rendered":"<p>Die\u00a0Anmeldung f\u00fcr den Veilchendienstagszug\u00a0in Waldenrath 2025 findet am\u00a0Samstag, den 01. Februar 2025, von 16:00 bis 17:00 Uhr in der Begegnungsst\u00e4tte Waldenrath\u00a0(Corneliusstra\u00dfe) statt. Interessierte Karnevalswagen und -gruppen werden gebeten, zu diesem [&hellip;]<\/p>\n","protected":false},"author":2,"featured_media":0,"comment_status":"closed","ping_status":"closed","sticky":false,"template":"","format":"standard","meta":{"footnotes":""},"categories":[1],"tags":[],"class_list":["post-336","post","type-post","status-publish","format-standard","hentry","category-uncategorized"],"_links":{"self":[{"href":"http:\/\/wooderwend.schuetzen-waldenrath.de\/index.php?rest_route=\/wp\/v2\/posts\/336","targetHints":{"allow":["GET"]}}],"collection":[{"href":"http:\/\/wooderwend.schuetzen-waldenrath.de\/index.php?rest_route=\/wp\/v2\/posts"}],"about":[{"href":"http:\/\/wooderwend.schuetzen-waldenrath.de\/index.php?rest_route=\/wp\/v2\/types\/post"}],"author":[{"embeddable":true,"href":"http:\/\/wooderwend.schuetzen-waldenrath.de\/index.php?rest_route=\/wp\/v2\/users\/2"}],"replies":[{"embeddable":true,"href":"http:\/\/wooderwend.schuetzen-waldenrath.de\/index.php?rest_route=%2Fwp%2Fv2%2Fcomments&post=336"}],"version-history":[{"count":1,"href":"http:\/\/wooderwend.schuetzen-waldenrath.de\/index.php?rest_route=\/wp\/v2\/posts\/336\/revisions"}],"predecessor-version":[{"id":337,"href":"http:\/\/wooderwend.schuetzen-waldenrath.de\/index.php?rest_route=\/wp\/v2\/posts\/336\/revisions\/337"}],"wp:attachment":[{"href":"http:\/\/wooderwend.schuetzen-waldenrath.de\/index.php?rest_route=%2Fwp%2Fv2%2Fmedia&parent=336"}],"wp:term":[{"taxonomy":"category","embeddable":true,"href":"http:\/\/wooderwend.schuetzen-waldenrath.de\/index.php?rest_route=%2Fwp%2Fv2%2Fcategories&post=336"},{"taxonomy":"post_tag","embeddable":true,"href":"http:\/\/wooderwend.schuetzen-waldenrath.de\/index.php?rest_route=%2Fwp%2Fv2%2Ftags&post=336"}],"curies":[{"name":"wp","href":"https:\/\/api.w.org\/{rel}","templated":true}]}}